{"id":231,"date":"2024-01-30T10:40:32","date_gmt":"2024-01-30T10:40:32","guid":{"rendered":"https:\/\/tus-schwarzenau.de\/?p=231"},"modified":"2024-01-30T10:42:14","modified_gmt":"2024-01-30T10:42:14","slug":"schneetag-beim-eltern-kind-turnen","status":"publish","type":"post","link":"https:\/\/tus-schwarzenau.de\/?p=231","title":{"rendered":"Schneetag beim Eltern-Kind-Turnen"},"content":{"rendered":"\n<p>Das erste Kinderturnen im neuen Jahr f\u00fcr die Kinder von 0-4 Jahren fand dieses Jahr im Freien statt: Wir haben das Schneewetter genutzt und sind gemeinsam Schlitten gefahren. <\/p>\n\n\n\n<p>Es war ein toller Nachmittag f\u00fcr Gro\u00df und Klein, alle hatten viel Spa\u00df und haben sich als Pause und neuen Engerieschub zwischendurch Tee, Gl\u00fchwein, Obst und Riegel schmecken lassen bevor es dann wieder den Berg runter ging.<\/p>\n\n\n\n<p><\/p>\n\n\n\n<p><\/p>\n\n\n\n<figure class=\"wp-block-gallery has-nested-images columns-default is-cropped wp-block-gallery-1 is-layout-flex wp-block-gallery-is-layout-flex\">\n<figure class=\"wp-block-image size-large\"><img loading=\"lazy\" decoding=\"async\" width=\"768\" height=\"1024\" data-id=\"228\" src=\"https:\/\/tus-schwarzenau.de\/wp-content\/uploads\/2024\/01\/420886084_855200206616582_2241369704283511154_n-768x1024.jpg\" alt=\"\" class=\"wp-image-228\" srcset=\"https:\/\/tus-schwarzenau.de\/wp-content\/uploads\/2024\/01\/420886084_855200206616582_2241369704283511154_n-768x1024.jpg 768w, https:\/\/tus-schwarzenau.de\/wp-content\/uploads\/2024\/01\/420886084_855200206616582_2241369704283511154_n-225x300.jpg 225w, https:\/\/tus-schwarzenau.de\/wp-content\/uploads\/2024\/01\/420886084_855200206616582_2241369704283511154_n-1152x1536.jpg 1152w, https:\/\/tus-schwarzenau.de\/wp-content\/uploads\/2024\/01\/420886084_855200206616582_2241369704283511154_n.jpg 1500w\" sizes=\"(max-width: 768px) 100vw, 768px\" \/><\/figure>\n\n\n\n<figure class=\"wp-block-image size-large\"><img loading=\"lazy\" decoding=\"async\" width=\"1024\" height=\"715\" data-id=\"209\" src=\"https:\/\/tus-schwarzenau.de\/wp-content\/uploads\/2024\/01\/420878851_855200149949921_2812000400874167896_n-1024x715.jpg\" alt=\"\" class=\"wp-image-209\" srcset=\"https:\/\/tus-schwarzenau.de\/wp-content\/uploads\/2024\/01\/420878851_855200149949921_2812000400874167896_n-1024x715.jpg 1024w, https:\/\/tus-schwarzenau.de\/wp-content\/uploads\/2024\/01\/420878851_855200149949921_2812000400874167896_n-300x209.jpg 300w, https:\/\/tus-schwarzenau.de\/wp-content\/uploads\/2024\/01\/420878851_855200149949921_2812000400874167896_n-768x536.jpg 768w, https:\/\/tus-schwarzenau.de\/wp-content\/uploads\/2024\/01\/420878851_855200149949921_2812000400874167896_n-1536x1072.jpg 1536w, https:\/\/tus-schwarzenau.de\/wp-content\/uploads\/2024\/01\/420878851_855200149949921_2812000400874167896_n-600x419.jpg 600w, https:\/\/tus-schwarzenau.de\/wp-content\/uploads\/2024\/01\/420878851_855200149949921_2812000400874167896_n.jpg 1725w\" sizes=\"(max-width: 1024px) 100vw, 1024px\" \/><\/figure>\n\n\n\n<figure class=\"wp-block-image size-large\"><img loading=\"lazy\" decoding=\"async\" width=\"1024\" height=\"768\" data-id=\"210\" src=\"https:\/\/tus-schwarzenau.de\/wp-content\/uploads\/2024\/01\/420926348_855200183283251_3308917029005662621_n-1024x768.jpg\" alt=\"\" class=\"wp-image-210\" srcset=\"https:\/\/tus-schwarzenau.de\/wp-content\/uploads\/2024\/01\/420926348_855200183283251_3308917029005662621_n-1024x768.jpg 1024w, https:\/\/tus-schwarzenau.de\/wp-content\/uploads\/2024\/01\/420926348_855200183283251_3308917029005662621_n-300x225.jpg 300w, https:\/\/tus-schwarzenau.de\/wp-content\/uploads\/2024\/01\/420926348_855200183283251_3308917029005662621_n-768x576.jpg 768w, https:\/\/tus-schwarzenau.de\/wp-content\/uploads\/2024\/01\/420926348_855200183283251_3308917029005662621_n-1536x1152.jpg 1536w, https:\/\/tus-schwarzenau.de\/wp-content\/uploads\/2024\/01\/420926348_855200183283251_3308917029005662621_n-600x450.jpg 600w, https:\/\/tus-schwarzenau.de\/wp-content\/uploads\/2024\/01\/420926348_855200183283251_3308917029005662621_n.jpg 2000w\" sizes=\"(max-width: 1024px) 100vw, 1024px\" \/><\/figure>\n\n\n\n<figure class=\"wp-block-image size-large\"><img loading=\"lazy\" decoding=\"async\" width=\"1024\" height=\"824\" data-id=\"211\" src=\"https:\/\/tus-schwarzenau.de\/wp-content\/uploads\/2024\/01\/420924666_855200119949924_8071287576392135603_n-1024x824.jpg\" alt=\"\" class=\"wp-image-211\" srcset=\"https:\/\/tus-schwarzenau.de\/wp-content\/uploads\/2024\/01\/420924666_855200119949924_8071287576392135603_n-1024x824.jpg 1024w, https:\/\/tus-schwarzenau.de\/wp-content\/uploads\/2024\/01\/420924666_855200119949924_8071287576392135603_n-300x242.jpg 300w, https:\/\/tus-schwarzenau.de\/wp-content\/uploads\/2024\/01\/420924666_855200119949924_8071287576392135603_n-768x618.jpg 768w, https:\/\/tus-schwarzenau.de\/wp-content\/uploads\/2024\/01\/420924666_855200119949924_8071287576392135603_n-1536x1236.jpg 1536w, https:\/\/tus-schwarzenau.de\/wp-content\/uploads\/2024\/01\/420924666_855200119949924_8071287576392135603_n-600x483.jpg 600w, https:\/\/tus-schwarzenau.de\/wp-content\/uploads\/2024\/01\/420924666_855200119949924_8071287576392135603_n.jpg 1600w\" sizes=\"(max-width: 1024px) 100vw, 1024px\" \/><\/figure>\n\n\n\n<figure class=\"wp-block-image size-large\"><img loading=\"lazy\" decoding=\"async\" width=\"768\" height=\"1024\" data-id=\"212\" src=\"https:\/\/tus-schwarzenau.de\/wp-content\/uploads\/2024\/01\/420870058_855200129949923_2603235655585560872_n-768x1024.jpg\" alt=\"\" class=\"wp-image-212\" srcset=\"https:\/\/tus-schwarzenau.de\/wp-content\/uploads\/2024\/01\/420870058_855200129949923_2603235655585560872_n-768x1024.jpg 768w, https:\/\/tus-schwarzenau.de\/wp-content\/uploads\/2024\/01\/420870058_855200129949923_2603235655585560872_n-225x300.jpg 225w, https:\/\/tus-schwarzenau.de\/wp-content\/uploads\/2024\/01\/420870058_855200129949923_2603235655585560872_n-1152x1536.jpg 1152w, https:\/\/tus-schwarzenau.de\/wp-content\/uploads\/2024\/01\/420870058_855200129949923_2603235655585560872_n-600x800.jpg 600w, https:\/\/tus-schwarzenau.de\/wp-content\/uploads\/2024\/01\/420870058_855200129949923_2603235655585560872_n.jpg 1500w\" sizes=\"(max-width: 768px) 100vw, 768px\" \/><\/figure>\n<\/figure>\n","protected":false},"excerpt":{"rendered":"<p>Das erste Kinderturnen im neuen Jahr f\u00fcr die Kinder von 0-4 Jahren fand dieses Jahr im Freien statt: Wir haben das Schneewetter genutzt und sind gemeinsam Schlitten gefahren. Es war ein toller Nachmittag f\u00fcr Gro\u00df und Klein, alle hatten viel Spa\u00df und haben sich als Pause und neuen Engerieschub zwischendurch Tee, Gl\u00fchwein, Obst und Riegel &hellip; <\/p>\n","protected":false},"author":1,"featured_media":209,"comment_status":"open","ping_status":"open","sticky":false,"template":"","format":"standard","meta":{"footnotes":""},"categories":[1],"tags":[],"class_list":["post-231","post","type-post","status-publish","format-standard","has-post-thumbnail","hentry","category-neues","latest_post"],"_links":{"self":[{"href":"https:\/\/tus-schwarzenau.de\/index.php?rest_route=\/wp\/v2\/posts\/231"}],"collection":[{"href":"https:\/\/tus-schwarzenau.de\/index.php?rest_route=\/wp\/v2\/posts"}],"about":[{"href":"https:\/\/tus-schwarzenau.de\/index.php?rest_route=\/wp\/v2\/types\/post"}],"author":[{"embeddable":true,"href":"https:\/\/tus-schwarzenau.de\/index.php?rest_route=\/wp\/v2\/users\/1"}],"replies":[{"embeddable":true,"href":"https:\/\/tus-schwarzenau.de\/index.php?rest_route=%2Fwp%2Fv2%2Fcomments&post=231"}],"version-history":[{"count":2,"href":"https:\/\/tus-schwarzenau.de\/index.php?rest_route=\/wp\/v2\/posts\/231\/revisions"}],"predecessor-version":[{"id":233,"href":"https:\/\/tus-schwarzenau.de\/index.php?rest_route=\/wp\/v2\/posts\/231\/revisions\/233"}],"wp:featuredmedia":[{"embeddable":true,"href":"https:\/\/tus-schwarzenau.de\/index.php?rest_route=\/wp\/v2\/media\/209"}],"wp:attachment":[{"href":"https:\/\/tus-schwarzenau.de\/index.php?rest_route=%2Fwp%2Fv2%2Fmedia&parent=231"}],"wp:term":[{"taxonomy":"category","embeddable":true,"href":"https:\/\/tus-schwarzenau.de\/index.php?rest_route=%2Fwp%2Fv2%2Fcategories&post=231"},{"taxonomy":"post_tag","embeddable":true,"href":"https:\/\/tus-schwarzenau.de\/index.php?rest_route=%2Fwp%2Fv2%2Ftags&post=231"}],"curies":[{"name":"wp","href":"https:\/\/api.w.org\/{rel}","templated":true}]}}