{"id":292,"date":"2024-11-27T09:26:02","date_gmt":"2024-11-27T09:26:02","guid":{"rendered":"https:\/\/tus-schwarzenau.de\/?p=292"},"modified":"2024-11-27T09:26:01","modified_gmt":"2024-11-27T09:26:01","slug":"am-14-9-hatten-die-kinder-vom-eltern-kind-turnen-0-4-jahre-mit-geschwisterkindern-einen-ersten-kleinen-auftritt-beim-kartoffelbraten-aller-vereine-auf-dem-schuetzenplatz","status":"publish","type":"post","link":"https:\/\/tus-schwarzenau.de\/?p=292","title":{"rendered":"Am 14.9. hatten die Kinder vom Eltern-Kind-Turnen (0-4 Jahre mit Geschwisterkindern) einen ersten kleinen Auftritt beim Kartoffelbraten aller Vereine auf dem Sch\u00fctzenplatz."},"content":{"rendered":"\n<p>Die Kinder und ihre Eltern haben beim Turnen flei\u00dfig zwei T\u00e4nze einge\u00fcbt und diese beim Kartoffelbraten stolz pr\u00e4sentiert. \ud83c\udf89<br>Anschlie\u00dfend und vorab hatten die Kinder viel Freude auf dem Sch\u00fctzenplatz, z.B. auf der H\u00fcpfburg oder beim Stockbrot machen \ud83d\ude0a<\/p>\n\n\n\n<p><\/p>\n","protected":false},"excerpt":{"rendered":"<p>Die Kinder und ihre Eltern haben beim Turnen flei\u00dfig zwei T\u00e4nze einge\u00fcbt und diese beim Kartoffelbraten stolz pr\u00e4sentiert. \ud83c\udf89Anschlie\u00dfend und vorab hatten die Kinder viel Freude auf dem Sch\u00fctzenplatz, z.B. auf der H\u00fcpfburg oder beim Stockbrot machen \ud83d\ude0a<\/p>\n","protected":false},"author":5,"featured_media":0,"comment_status":"closed","ping_status":"","sticky":false,"template":"","format":"standard","meta":{"footnotes":""},"categories":[1],"tags":[],"class_list":["post-292","post","type-post","status-publish","format-standard","hentry","category-neues","latest_post"],"_links":{"self":[{"href":"https:\/\/tus-schwarzenau.de\/index.php?rest_route=\/wp\/v2\/posts\/292"}],"collection":[{"href":"https:\/\/tus-schwarzenau.de\/index.php?rest_route=\/wp\/v2\/posts"}],"about":[{"href":"https:\/\/tus-schwarzenau.de\/index.php?rest_route=\/wp\/v2\/types\/post"}],"author":[{"embeddable":true,"href":"https:\/\/tus-schwarzenau.de\/index.php?rest_route=\/wp\/v2\/users\/5"}],"replies":[{"embeddable":true,"href":"https:\/\/tus-schwarzenau.de\/index.php?rest_route=%2Fwp%2Fv2%2Fcomments&post=292"}],"version-history":[{"count":1,"href":"https:\/\/tus-schwarzenau.de\/index.php?rest_route=\/wp\/v2\/posts\/292\/revisions"}],"predecessor-version":[{"id":293,"href":"https:\/\/tus-schwarzenau.de\/index.php?rest_route=\/wp\/v2\/posts\/292\/revisions\/293"}],"wp:attachment":[{"href":"https:\/\/tus-schwarzenau.de\/index.php?rest_route=%2Fwp%2Fv2%2Fmedia&parent=292"}],"wp:term":[{"taxonomy":"category","embeddable":true,"href":"https:\/\/tus-schwarzenau.de\/index.php?rest_route=%2Fwp%2Fv2%2Fcategories&post=292"},{"taxonomy":"post_tag","embeddable":true,"href":"https:\/\/tus-schwarzenau.de\/index.php?rest_route=%2Fwp%2Fv2%2Ftags&post=292"}],"curies":[{"name":"wp","href":"https:\/\/api.w.org\/{rel}","templated":true}]}}